{"id":216,"date":"2019-10-31T16:21:40","date_gmt":"2019-10-31T15:21:40","guid":{"rendered":"https:\/\/dev.yvon-laurent-vocoret.com\/?p=216"},"modified":"2019-11-26T10:07:26","modified_gmt":"2019-11-26T09:07:26","slug":"viticulture-en-lutte-raisonnee","status":"publish","type":"post","link":"https:\/\/www.yvon-laurent-vocoret.com\/en\/vignoble\/viticulture-en-lutte-raisonnee\/","title":{"rendered":"Vine treatments"},"content":{"rendered":"<div class=\"wp-block-columns has-2-columns is-layout-flex wp-container-core-columns-is-layout-1 wp-block-columns-is-layout-flex\"><div class=\"wp-block-column is-layout-flow wp-block-column-is-layout-flow\"><figure class=\"wp-block-image\"><img loading=\"lazy\" decoding=\"async\" width=\"764\" height=\"895\" src=\"https:\/\/www.yvon-laurent-vocoret.com\/wp-content\/uploads\/2019\/10\/Calque-29.png\" alt=\"\" class=\"wp-image-195\" srcset=\"https:\/\/www.yvon-laurent-vocoret.com\/wp-content\/uploads\/2019\/10\/Calque-29.png 764w, https:\/\/www.yvon-laurent-vocoret.com\/wp-content\/uploads\/2019\/10\/Calque-29-600x703.png 600w, https:\/\/www.yvon-laurent-vocoret.com\/wp-content\/uploads\/2019\/10\/Calque-29-256x300.png 256w\" sizes=\"(max-width: 764px) 100vw, 764px\" \/><\/figure><\/div>\n\n<div class=\"wp-block-column is-layout-flow wp-block-column-is-layout-flow\"><p>For 5 generations, we\u2019ve been working with one objective in mind: respecting our vines and our soils. The vines represent our patrimony and the soil represents a global rarity and treasure which gives our wines their mineral structure and elegant taste.<\/p>\n\n<p>Since about the last 40 years we have been using organic soil materials, which forces the soil to do its own work in order to transform organic materials to minerals so that the vine can feed itself and produce in a natural, sustainable way to guarantee a quality vintage.<\/p>\n\n<p>For three years now, we have opted to work the land and soil, plowing and hoeing to completely eliminate the use of weed killers, respecting our soil.<\/p>\n\n<p>For our fight against mildews, fungal diseases and pests, we limit our treatments but it requires enormous surveillance, and indeed, we do not have the right to eliminate these interventions because the quality of the harvest and the reassurance of vine longevity and good health depend on them.<\/p>\n\n<p>There is no anti-botrytis treatment, which allows us to have a more harmonious harvest maturity and to obtain thinner, richer skin for a better quality of musts.<\/p><\/div><\/div>","protected":false},"excerpt":{"rendered":"<p>Depuis 5 g\u00e9n\u00e9rations, nous travaillons avec un seul objectif&nbsp;: respecter nos vignes et nos sols. Pourquoi nos vignes&nbsp;?&nbsp;: c\u2019est notre patrimoine&nbsp;; pourquoi nos sols&nbsp;? : c\u2019est, bien s\u00fbr notre terroir si rare au monde qui nous donne l\u2019\u00e9l\u00e9gance et la min\u00e9ralit\u00e9 de nos Chablis. Depuis bient\u00f4t 40 ans, nous utilisons des amendements organiques, ce qui [&hellip;]<\/p>\n","protected":false},"author":1,"featured_media":0,"comment_status":"open","ping_status":"open","sticky":false,"template":"","format":"standard","meta":{"_acf_changed":false,"footnotes":""},"categories":[4],"tags":[],"acf":[],"yoast_head":"<!-- This site is optimized with the Yoast SEO plugin v23.4 - https:\/\/yoast.com\/wordpress\/plugins\/seo\/ -->\n<title>Viticulture en lutte raisonn\u00e9e - Domaine Yvon et Laurent Vocoret<\/title>\n<meta name=\"description\" content=\"Viticulture en lutte raisonn\u00e9e Le vignoble - Domaine Yvon et Laurent Vocoret\" \/>\n<meta name=\"robots\" content=\"noindex, follow\" \/>\n<meta property=\"og:locale\" content=\"en_GB\" \/>\n<meta property=\"og:type\" content=\"article\" \/>\n<meta property=\"og:title\" content=\"Viticulture en lutte raisonn\u00e9e - Domaine Yvon et Laurent Vocoret\" \/>\n<meta property=\"og:description\" content=\"Viticulture en lutte raisonn\u00e9e Le vignoble - Domaine Yvon et Laurent Vocoret\" \/>\n<meta property=\"og:url\" content=\"https:\/\/www.yvon-laurent-vocoret.com\/en\/vignoble\/viticulture-en-lutte-raisonnee\/\" \/>\n<meta property=\"og:site_name\" content=\"Domaine Yvon et Laurent Vocoret\" \/>\n<meta property=\"article:published_time\" content=\"2019-10-31T15:21:40+00:00\" \/>\n<meta property=\"article:modified_time\" content=\"2019-11-26T09:07:26+00:00\" \/>\n<meta property=\"og:image\" content=\"https:\/\/www.yvon-laurent-vocoret.com\/wp-content\/uploads\/2019\/10\/Calque-29.png\" \/>\n<meta name=\"author\" content=\"admin\" \/>\n<meta name=\"twitter:card\" content=\"summary_large_image\" \/>\n<meta name=\"twitter:label1\" content=\"Written by\" \/>\n\t<meta name=\"twitter:data1\" content=\"admin\" \/>\n\t<meta name=\"twitter:label2\" content=\"Estimated reading time\" \/>\n\t<meta name=\"twitter:data2\" content=\"1 minute\" \/>\n<script type=\"application\/ld+json\" class=\"yoast-schema-graph\">{\"@context\":\"https:\/\/schema.org\",\"@graph\":[{\"@type\":\"Article\",\"@id\":\"https:\/\/www.yvon-laurent-vocoret.com\/vignoble\/viticulture-en-lutte-raisonnee\/#article\",\"isPartOf\":{\"@id\":\"https:\/\/www.yvon-laurent-vocoret.com\/vignoble\/viticulture-en-lutte-raisonnee\/\"},\"author\":{\"name\":\"admin\",\"@id\":\"https:\/\/www.yvon-laurent-vocoret.com\/en\/#\/schema\/person\/4b8f6a59343375290955408ace1f7b37\"},\"headline\":\"Viticulture en lutte raisonn\u00e9e\",\"datePublished\":\"2019-10-31T15:21:40+00:00\",\"dateModified\":\"2019-11-26T09:07:26+00:00\",\"mainEntityOfPage\":{\"@id\":\"https:\/\/www.yvon-laurent-vocoret.com\/vignoble\/viticulture-en-lutte-raisonnee\/\"},\"wordCount\":240,\"commentCount\":0,\"publisher\":{\"@id\":\"https:\/\/www.yvon-laurent-vocoret.com\/en\/#organization\"},\"image\":{\"@id\":\"https:\/\/www.yvon-laurent-vocoret.com\/vignoble\/viticulture-en-lutte-raisonnee\/#primaryimage\"},\"thumbnailUrl\":\"https:\/\/www.yvon-laurent-vocoret.com\/wp-content\/uploads\/2019\/10\/Calque-29.png\",\"articleSection\":[\"Le vignoble\"],\"inLanguage\":\"en-GB\",\"potentialAction\":[{\"@type\":\"CommentAction\",\"name\":\"Comment\",\"target\":[\"https:\/\/www.yvon-laurent-vocoret.com\/vignoble\/viticulture-en-lutte-raisonnee\/#respond\"]}]},{\"@type\":\"WebPage\",\"@id\":\"https:\/\/www.yvon-laurent-vocoret.com\/vignoble\/viticulture-en-lutte-raisonnee\/\",\"url\":\"https:\/\/www.yvon-laurent-vocoret.com\/vignoble\/viticulture-en-lutte-raisonnee\/\",\"name\":\"Viticulture en lutte raisonn\u00e9e - Domaine Yvon et Laurent Vocoret\",\"isPartOf\":{\"@id\":\"https:\/\/www.yvon-laurent-vocoret.com\/en\/#website\"},\"primaryImageOfPage\":{\"@id\":\"https:\/\/www.yvon-laurent-vocoret.com\/vignoble\/viticulture-en-lutte-raisonnee\/#primaryimage\"},\"image\":{\"@id\":\"https:\/\/www.yvon-laurent-vocoret.com\/vignoble\/viticulture-en-lutte-raisonnee\/#primaryimage\"},\"thumbnailUrl\":\"https:\/\/www.yvon-laurent-vocoret.com\/wp-content\/uploads\/2019\/10\/Calque-29.png\",\"datePublished\":\"2019-10-31T15:21:40+00:00\",\"dateModified\":\"2019-11-26T09:07:26+00:00\",\"description\":\"Viticulture en lutte raisonn\u00e9e Le vignoble - Domaine Yvon et Laurent Vocoret\",\"breadcrumb\":{\"@id\":\"https:\/\/www.yvon-laurent-vocoret.com\/vignoble\/viticulture-en-lutte-raisonnee\/#breadcrumb\"},\"inLanguage\":\"en-GB\",\"potentialAction\":[{\"@type\":\"ReadAction\",\"target\":[\"https:\/\/www.yvon-laurent-vocoret.com\/vignoble\/viticulture-en-lutte-raisonnee\/\"]}]},{\"@type\":\"ImageObject\",\"inLanguage\":\"en-GB\",\"@id\":\"https:\/\/www.yvon-laurent-vocoret.com\/vignoble\/viticulture-en-lutte-raisonnee\/#primaryimage\",\"url\":\"https:\/\/www.yvon-laurent-vocoret.com\/wp-content\/uploads\/2019\/10\/Calque-29.png\",\"contentUrl\":\"https:\/\/www.yvon-laurent-vocoret.com\/wp-content\/uploads\/2019\/10\/Calque-29.png\"},{\"@type\":\"BreadcrumbList\",\"@id\":\"https:\/\/www.yvon-laurent-vocoret.com\/vignoble\/viticulture-en-lutte-raisonnee\/#breadcrumb\",\"itemListElement\":[{\"@type\":\"ListItem\",\"position\":1,\"name\":\"Accueil\",\"item\":\"https:\/\/www.yvon-laurent-vocoret.com\/\"},{\"@type\":\"ListItem\",\"position\":2,\"name\":\"Viticulture en lutte raisonn\u00e9e\"}]},{\"@type\":\"WebSite\",\"@id\":\"https:\/\/www.yvon-laurent-vocoret.com\/en\/#website\",\"url\":\"https:\/\/www.yvon-laurent-vocoret.com\/en\/\",\"name\":\"Domaine Yvon et Laurent Vocoret\",\"description\":\"Just another WordPress site\",\"publisher\":{\"@id\":\"https:\/\/www.yvon-laurent-vocoret.com\/en\/#organization\"},\"potentialAction\":[{\"@type\":\"SearchAction\",\"target\":{\"@type\":\"EntryPoint\",\"urlTemplate\":\"https:\/\/www.yvon-laurent-vocoret.com\/en\/?s={search_term_string}\"},\"query-input\":{\"@type\":\"PropertyValueSpecification\",\"valueRequired\":true,\"valueName\":\"search_term_string\"}}],\"inLanguage\":\"en-GB\"},{\"@type\":\"Organization\",\"@id\":\"https:\/\/www.yvon-laurent-vocoret.com\/en\/#organization\",\"name\":\"Domaine Yvon et Laurent Vocoret\",\"url\":\"https:\/\/www.yvon-laurent-vocoret.com\/en\/\",\"logo\":{\"@type\":\"ImageObject\",\"inLanguage\":\"en-GB\",\"@id\":\"https:\/\/www.yvon-laurent-vocoret.com\/en\/#\/schema\/logo\/image\/\",\"url\":\"https:\/\/www.yvon-laurent-vocoret.com\/wp-content\/uploads\/2020\/11\/logo.png\",\"contentUrl\":\"https:\/\/www.yvon-laurent-vocoret.com\/wp-content\/uploads\/2020\/11\/logo.png\",\"width\":109,\"height\":123,\"caption\":\"Domaine Yvon et Laurent Vocoret\"},\"image\":{\"@id\":\"https:\/\/www.yvon-laurent-vocoret.com\/en\/#\/schema\/logo\/image\/\"}},{\"@type\":\"Person\",\"@id\":\"https:\/\/www.yvon-laurent-vocoret.com\/en\/#\/schema\/person\/4b8f6a59343375290955408ace1f7b37\",\"name\":\"admin\",\"image\":{\"@type\":\"ImageObject\",\"inLanguage\":\"en-GB\",\"@id\":\"https:\/\/www.yvon-laurent-vocoret.com\/en\/#\/schema\/person\/image\/\",\"url\":\"https:\/\/secure.gravatar.com\/avatar\/ee9d2df7ba365923931bfbce705603d6?s=96&d=mm&r=g\",\"contentUrl\":\"https:\/\/secure.gravatar.com\/avatar\/ee9d2df7ba365923931bfbce705603d6?s=96&d=mm&r=g\",\"caption\":\"admin\"}}]}<\/script>\n<!-- \/ Yoast SEO plugin. -->","yoast_head_json":{"title":"Viticulture en lutte raisonn\u00e9e - Domaine Yvon et Laurent Vocoret","description":"Viticulture en lutte raisonn\u00e9e Le vignoble - Domaine Yvon et Laurent Vocoret","robots":{"index":"noindex","follow":"follow"},"og_locale":"en_GB","og_type":"article","og_title":"Viticulture en lutte raisonn\u00e9e - Domaine Yvon et Laurent Vocoret","og_description":"Viticulture en lutte raisonn\u00e9e Le vignoble - Domaine Yvon et Laurent Vocoret","og_url":"https:\/\/www.yvon-laurent-vocoret.com\/en\/vignoble\/viticulture-en-lutte-raisonnee\/","og_site_name":"Domaine Yvon et Laurent Vocoret","article_published_time":"2019-10-31T15:21:40+00:00","article_modified_time":"2019-11-26T09:07:26+00:00","og_image":[{"url":"https:\/\/www.yvon-laurent-vocoret.com\/wp-content\/uploads\/2019\/10\/Calque-29.png"}],"author":"admin","twitter_card":"summary_large_image","twitter_misc":{"Written by":"admin","Estimated reading time":"1 minute"},"schema":{"@context":"https:\/\/schema.org","@graph":[{"@type":"Article","@id":"https:\/\/www.yvon-laurent-vocoret.com\/vignoble\/viticulture-en-lutte-raisonnee\/#article","isPartOf":{"@id":"https:\/\/www.yvon-laurent-vocoret.com\/vignoble\/viticulture-en-lutte-raisonnee\/"},"author":{"name":"admin","@id":"https:\/\/www.yvon-laurent-vocoret.com\/en\/#\/schema\/person\/4b8f6a59343375290955408ace1f7b37"},"headline":"Viticulture en lutte raisonn\u00e9e","datePublished":"2019-10-31T15:21:40+00:00","dateModified":"2019-11-26T09:07:26+00:00","mainEntityOfPage":{"@id":"https:\/\/www.yvon-laurent-vocoret.com\/vignoble\/viticulture-en-lutte-raisonnee\/"},"wordCount":240,"commentCount":0,"publisher":{"@id":"https:\/\/www.yvon-laurent-vocoret.com\/en\/#organization"},"image":{"@id":"https:\/\/www.yvon-laurent-vocoret.com\/vignoble\/viticulture-en-lutte-raisonnee\/#primaryimage"},"thumbnailUrl":"https:\/\/www.yvon-laurent-vocoret.com\/wp-content\/uploads\/2019\/10\/Calque-29.png","articleSection":["Le vignoble"],"inLanguage":"en-GB","potentialAction":[{"@type":"CommentAction","name":"Comment","target":["https:\/\/www.yvon-laurent-vocoret.com\/vignoble\/viticulture-en-lutte-raisonnee\/#respond"]}]},{"@type":"WebPage","@id":"https:\/\/www.yvon-laurent-vocoret.com\/vignoble\/viticulture-en-lutte-raisonnee\/","url":"https:\/\/www.yvon-laurent-vocoret.com\/vignoble\/viticulture-en-lutte-raisonnee\/","name":"Viticulture en lutte raisonn\u00e9e - Domaine Yvon et Laurent Vocoret","isPartOf":{"@id":"https:\/\/www.yvon-laurent-vocoret.com\/en\/#website"},"primaryImageOfPage":{"@id":"https:\/\/www.yvon-laurent-vocoret.com\/vignoble\/viticulture-en-lutte-raisonnee\/#primaryimage"},"image":{"@id":"https:\/\/www.yvon-laurent-vocoret.com\/vignoble\/viticulture-en-lutte-raisonnee\/#primaryimage"},"thumbnailUrl":"https:\/\/www.yvon-laurent-vocoret.com\/wp-content\/uploads\/2019\/10\/Calque-29.png","datePublished":"2019-10-31T15:21:40+00:00","dateModified":"2019-11-26T09:07:26+00:00","description":"Viticulture en lutte raisonn\u00e9e Le vignoble - Domaine Yvon et Laurent Vocoret","breadcrumb":{"@id":"https:\/\/www.yvon-laurent-vocoret.com\/vignoble\/viticulture-en-lutte-raisonnee\/#breadcrumb"},"inLanguage":"en-GB","potentialAction":[{"@type":"ReadAction","target":["https:\/\/www.yvon-laurent-vocoret.com\/vignoble\/viticulture-en-lutte-raisonnee\/"]}]},{"@type":"ImageObject","inLanguage":"en-GB","@id":"https:\/\/www.yvon-laurent-vocoret.com\/vignoble\/viticulture-en-lutte-raisonnee\/#primaryimage","url":"https:\/\/www.yvon-laurent-vocoret.com\/wp-content\/uploads\/2019\/10\/Calque-29.png","contentUrl":"https:\/\/www.yvon-laurent-vocoret.com\/wp-content\/uploads\/2019\/10\/Calque-29.png"},{"@type":"BreadcrumbList","@id":"https:\/\/www.yvon-laurent-vocoret.com\/vignoble\/viticulture-en-lutte-raisonnee\/#breadcrumb","itemListElement":[{"@type":"ListItem","position":1,"name":"Accueil","item":"https:\/\/www.yvon-laurent-vocoret.com\/"},{"@type":"ListItem","position":2,"name":"Viticulture en lutte raisonn\u00e9e"}]},{"@type":"WebSite","@id":"https:\/\/www.yvon-laurent-vocoret.com\/en\/#website","url":"https:\/\/www.yvon-laurent-vocoret.com\/en\/","name":"Domaine Yvon et Laurent Vocoret","description":"Just another WordPress site","publisher":{"@id":"https:\/\/www.yvon-laurent-vocoret.com\/en\/#organization"},"potentialAction":[{"@type":"SearchAction","target":{"@type":"EntryPoint","urlTemplate":"https:\/\/www.yvon-laurent-vocoret.com\/en\/?s={search_term_string}"},"query-input":{"@type":"PropertyValueSpecification","valueRequired":true,"valueName":"search_term_string"}}],"inLanguage":"en-GB"},{"@type":"Organization","@id":"https:\/\/www.yvon-laurent-vocoret.com\/en\/#organization","name":"Domaine Yvon et Laurent Vocoret","url":"https:\/\/www.yvon-laurent-vocoret.com\/en\/","logo":{"@type":"ImageObject","inLanguage":"en-GB","@id":"https:\/\/www.yvon-laurent-vocoret.com\/en\/#\/schema\/logo\/image\/","url":"https:\/\/www.yvon-laurent-vocoret.com\/wp-content\/uploads\/2020\/11\/logo.png","contentUrl":"https:\/\/www.yvon-laurent-vocoret.com\/wp-content\/uploads\/2020\/11\/logo.png","width":109,"height":123,"caption":"Domaine Yvon et Laurent Vocoret"},"image":{"@id":"https:\/\/www.yvon-laurent-vocoret.com\/en\/#\/schema\/logo\/image\/"}},{"@type":"Person","@id":"https:\/\/www.yvon-laurent-vocoret.com\/en\/#\/schema\/person\/4b8f6a59343375290955408ace1f7b37","name":"admin","image":{"@type":"ImageObject","inLanguage":"en-GB","@id":"https:\/\/www.yvon-laurent-vocoret.com\/en\/#\/schema\/person\/image\/","url":"https:\/\/secure.gravatar.com\/avatar\/ee9d2df7ba365923931bfbce705603d6?s=96&d=mm&r=g","contentUrl":"https:\/\/secure.gravatar.com\/avatar\/ee9d2df7ba365923931bfbce705603d6?s=96&d=mm&r=g","caption":"admin"}}]}},"_links":{"self":[{"href":"https:\/\/www.yvon-laurent-vocoret.com\/en\/wp-json\/wp\/v2\/posts\/216"}],"collection":[{"href":"https:\/\/www.yvon-laurent-vocoret.com\/en\/wp-json\/wp\/v2\/posts"}],"about":[{"href":"https:\/\/www.yvon-laurent-vocoret.com\/en\/wp-json\/wp\/v2\/types\/post"}],"author":[{"embeddable":true,"href":"https:\/\/www.yvon-laurent-vocoret.com\/en\/wp-json\/wp\/v2\/users\/1"}],"replies":[{"embeddable":true,"href":"https:\/\/www.yvon-laurent-vocoret.com\/en\/wp-json\/wp\/v2\/comments?post=216"}],"version-history":[{"count":2,"href":"https:\/\/www.yvon-laurent-vocoret.com\/en\/wp-json\/wp\/v2\/posts\/216\/revisions"}],"predecessor-version":[{"id":300,"href":"https:\/\/www.yvon-laurent-vocoret.com\/en\/wp-json\/wp\/v2\/posts\/216\/revisions\/300"}],"wp:attachment":[{"href":"https:\/\/www.yvon-laurent-vocoret.com\/en\/wp-json\/wp\/v2\/media?parent=216"}],"wp:term":[{"taxonomy":"category","embeddable":true,"href":"https:\/\/www.yvon-laurent-vocoret.com\/en\/wp-json\/wp\/v2\/categories?post=216"},{"taxonomy":"post_tag","embeddable":true,"href":"https:\/\/www.yvon-laurent-vocoret.com\/en\/wp-json\/wp\/v2\/tags?post=216"}],"curies":[{"name":"wp","href":"https:\/\/api.w.org\/{rel}","templated":true}]}}